{"id":3877,"date":"2010-01-08T08:28:20","date_gmt":"2010-01-08T07:28:20","guid":{"rendered":"http:\/\/www.luclamy.net\/blog\/?p=3877"},"modified":"2010-01-08T08:32:58","modified_gmt":"2010-01-08T07:32:58","slug":"six-mois-de-ma-vie-pour-avoir-ses-yeux-vingt-quatre-heures","status":"publish","type":"post","link":"https:\/\/www.luclamy.net\/blog\/?p=3877","title":{"rendered":"Six mois de ma vie pour avoir ses yeux  vingt quatre heures!"},"content":{"rendered":"<p>Quoi de plus naturel que de prendre, pour illustrer mon propos, un \u00ab\u00a0verre\u00a0\u00bb de Roland Jadinon?&#8230;<br \/>\nQuel meilleur pastel pourrait mettre de la couleur dans cette grisaille et servir ce texte de Ponge?<br \/>\n(oui, Ponge, encore, je sais!)<br \/>\nEvidemment que Roland s&rsquo;en est inspir\u00e9 par la suite et avec quel bonheur!<br \/>\nautant de verres d&rsquo;eau que d&rsquo;instants d&rsquo;observation, de contemplation.<br \/>\nLe temps s&rsquo;arr\u00eate, l&rsquo;eau \u00e9tale dedans le r\u00e9cipient livre le secret des couleurs qui s&rsquo;y r\u00e9fl\u00e9chissent:<br \/>\n\u00e0 force de silence dans le regard,<br \/>\nl&rsquo;espace dans lequel on se trouve se concentre tout entier dans ce microcosme transparent, cette \u00ab\u00a0boule \u00e0 neige\u00a0\u00bb immobile.<br \/>\n.<br \/>\n<a href=\"http:\/\/www.luclamy.net\/blog\/wp-content\/uploads\/2010\/01\/verre-r-jadinon1.gif\"><img loading=\"lazy\" decoding=\"async\" src=\"http:\/\/www.luclamy.net\/blog\/wp-content\/uploads\/2010\/01\/verre-r-jadinon1-224x300.gif\" alt=\"\" title=\"verre-r-jadinon1\" width=\"224\" height=\"300\" class=\"alignnone size-medium wp-image-3987\" srcset=\"https:\/\/www.luclamy.net\/blog\/wp-content\/uploads\/2010\/01\/verre-r-jadinon1-224x300.gif 224w, https:\/\/www.luclamy.net\/blog\/wp-content\/uploads\/2010\/01\/verre-r-jadinon1.gif 486w\" sizes=\"auto, (max-width: 224px) 100vw, 224px\" \/><\/a><br \/>\n(Roland Jadinon, avril 2000).<br \/>\n.<br \/>\n<strong>Le verre d&rsquo;eau<\/strong><br \/>\n.<br \/>\n<em>Le mot V E R R E D \u2019 E A U serait en quelque fa\u00e7on ad\u00e9quat \u00e0 l\u2019objet qu\u2019il d\u00e9signe\u2026<br \/>\nCommen\u00e7ant par un v, finissant par un u, les deux seules lettres en forme de vase<br \/>\nou de verre.<br \/>\nPar ailleurs, j\u2019aime assez que dans V E R R E, apr\u00e8s la forme (donn\u00e9e par le V), soit donn\u00e9e la mati\u00e8re par les deux syllabes E R R E, parfaitement sym\u00e9triques comme si, plac\u00e9es de part et d\u2019autre de la paroi du verre, l\u2019une \u00e0 l\u2019int\u00e9rieur, l\u2019autre \u00e0 l\u2019ext\u00e9rieur, elles se refl\u00e9taient l\u2019une en l\u2019autre.<br \/>\nLe fait que la voyelle utilis\u00e9e soit la plus muette, la plus grise, le E, fait \u00e9galement tr\u00e8s ad\u00e9quat.<br \/>\nEnfin, quant \u00e0 la consonne utilis\u00e9e, le R, le roulement produit par son redoublement<br \/>\nest excellent aussi, car il semble qu\u2019il suffirait de prononcer tr\u00e8s fort ou tr\u00e8s intens\u00e9ment le mot V E R R E en pr\u00e9sence de l\u2019objet qu\u2019il d\u00e9signe pour que, la mati\u00e8re de l\u2019objet violemment secou\u00e9e par les vibrations de la voix pronon\u00e7ant son nom, l\u2019objet lui-m\u00eame vole en \u00e9clats. (Ce qui rendrait bien compte d\u2019une des principales propri\u00e9t\u00e9s du verre : sa fragilit\u00e9.)<br \/>\nCe n\u2019est pas tout.<br \/>\nDans V E R R E D \u2019 E A U, apr\u00e8s V E R R E (et ce que je viens d\u2019en dire) il y a E A U. Eh bien, E A U \u00e0 cette place est tr\u00e8s bien aussi : \u00e0 cause d\u2019abord des voyelles qui le forment. Dont la premi\u00e8re, le E, venant apr\u00e8s celui r\u00e9p\u00e9t\u00e9 qui est dans V E R R E, rend bien compte de la parent\u00e9 de mati\u00e8re entre le contenant et le contenu, \u2013 et la seconde, le A (le fait aussi que comme dans OE I L il y ait l\u00e0 diphtongue suivie d\u2019une troisi\u00e8me voyelle) \u2013 rend compte de l\u2019oeil que la pr\u00e9sence de l\u2019eau donne au verre qu\u2019elle emplit (l\u2019oeil, ici, au sens de lustre mouvant, de poli mouvant). Enfin, apr\u00e8s le c\u00f4t\u00e9 suspendu du mot V E R R E (convenant bien au verre vide), le c\u00f4t\u00e9 lourd, pesant sur le sol, du mot E A U fait s\u2019asseoir le verre et rend compte de l\u2019accroissement de poids (et d\u2019int\u00e9r\u00eat) du verre empli d\u2019eau. J\u2019ai donn\u00e9 mes louanges \u00e0 la forme du u.<\/p>\n<p>(Francis Ponge, Le Grand Recueil)<\/em><\/p>\n<p>.<br \/>\nCeux qui voudraient en savoir plus sur ce grand modeste qu&rsquo;est Roland peuvent aller voir aux pages 12,13 et 14 de cette <a href=\"http:\/\/www.stluc-bruxelles.be\/PDF\/art_archi3.pdf\">interview<\/a> recueillie par un coll\u00e8gue.<br \/>\n<em>\u00ab\u00a0&#8230; Pr\u00e9cision du regard, jeu<br \/>\nde tensions chromatiques,<br \/>\nsensualit\u00e9 de la mati\u00e8re,<br \/>\ng\u00e9n\u00e9rosit\u00e9 dans la recherche,<br \/>\nil souligne ce que nous ne<br \/>\nparvenons plus \u00e0 voir dans<br \/>\nnotre environnement quotidien\u00bb.<\/em><\/p>\n","protected":false},"excerpt":{"rendered":"<p>Quoi de plus naturel que de prendre, pour illustrer mon propos, un \u00ab\u00a0verre\u00a0\u00bb de Roland Jadinon?&#8230; Quel meilleur pastel pourrait mettre de la couleur dans cette grisaille et servir ce texte de Ponge? (oui, Ponge, encore, je sais!) Evidemment que Roland s&rsquo;en est inspir\u00e9 par la suite et avec quel bonheur! autant de verres d&rsquo;eau [&hellip;]<\/p>\n","protected":false},"author":2,"featured_media":0,"comment_status":"open","ping_status":"open","sticky":false,"template":"","format":"standard","meta":{"footnotes":""},"categories":[67,38,58,51,55],"tags":[87],"class_list":["post-3877","post","type-post","status-publish","format-standard","hentry","category-correspondance","category-dessin","category-entre-parenthese-etc","category-galerie-doultremont","category-sous-leau","tag-pastel"],"_links":{"self":[{"href":"https:\/\/www.luclamy.net\/blog\/index.php?rest_route=\/wp\/v2\/posts\/3877","targetHints":{"allow":["GET"]}}],"collection":[{"href":"https:\/\/www.luclamy.net\/blog\/index.php?rest_route=\/wp\/v2\/posts"}],"about":[{"href":"https:\/\/www.luclamy.net\/blog\/index.php?rest_route=\/wp\/v2\/types\/post"}],"author":[{"embeddable":true,"href":"https:\/\/www.luclamy.net\/blog\/index.php?rest_route=\/wp\/v2\/users\/2"}],"replies":[{"embeddable":true,"href":"https:\/\/www.luclamy.net\/blog\/index.php?rest_route=%2Fwp%2Fv2%2Fcomments&post=3877"}],"version-history":[{"count":3,"href":"https:\/\/www.luclamy.net\/blog\/index.php?rest_route=\/wp\/v2\/posts\/3877\/revisions"}],"predecessor-version":[{"id":3990,"href":"https:\/\/www.luclamy.net\/blog\/index.php?rest_route=\/wp\/v2\/posts\/3877\/revisions\/3990"}],"wp:attachment":[{"href":"https:\/\/www.luclamy.net\/blog\/index.php?rest_route=%2Fwp%2Fv2%2Fmedia&parent=3877"}],"wp:term":[{"taxonomy":"category","embeddable":true,"href":"https:\/\/www.luclamy.net\/blog\/index.php?rest_route=%2Fwp%2Fv2%2Fcategories&post=3877"},{"taxonomy":"post_tag","embeddable":true,"href":"https:\/\/www.luclamy.net\/blog\/index.php?rest_route=%2Fwp%2Fv2%2Ftags&post=3877"}],"curies":[{"name":"wp","href":"https:\/\/api.w.org\/{rel}","templated":true}]}}